{"id":336,"date":"2026-04-26T22:48:42","date_gmt":"2026-04-27T01:48:42","guid":{"rendered":"https:\/\/www.ferreteriaukra.cl\/blog\/?p=336"},"modified":"2026-04-29T10:23:13","modified_gmt":"2026-04-29T13:23:13","slug":"cortinas-de-aire-la-solucion-perfecta-para-locales-comerciales","status":"publish","type":"post","link":"https:\/\/www.ferreteriaukra.cl\/blog\/cortinas-de-aire-la-solucion-perfecta-para-locales-comerciales\/","title":{"rendered":"Cortinas de aire: la soluci\u00f3n perfecta para locales comerciales"},"content":{"rendered":"<p>Las cortinas de aire para locales comerciales se han convertido en una soluci\u00f3n eficaz para mantener la temperatura y la comodidad en espacios comerciales. Estos dispositivos act\u00faan como barreras invisibles que separan el interior del exterior, permitiendo que los negocios ofrezcan un ambiente agradable a sus clientes, al tiempo que reducen los costos de calefacci\u00f3n y refrigeraci\u00f3n. En un mundo donde la competencia es feroz, los propietarios de locales deben encontrar formas innovadoras de atraer y retener a los clientes. Aqu\u00ed es donde las cortinas de aire juegan un papel crucial, ayudando a controlar el clima interior y a minimizar la contaminaci\u00f3n del aire exterior. Conocer m\u00e1s sobre su funcionamiento y beneficios puede ser esencial para cualquier empresario que busque mejorar su espacio comercial.<\/p>\n<figure style=\"margin:24px auto;text-align:center;max-width:600px\">\n                <img decoding=\"async\" src=\"https:\/\/images.pexels.com\/photos\/5505098\/pexels-photo-5505098.jpeg?auto=compress&#038;cs=tinysrgb&#038;dpr=2&#038;h=650&#038;w=940\" alt=\"Cortinas de aire para locales comerciales\" style=\"width:100%;max-width:600px;height:220px;object-fit:cover;border-radius:6px;margin:0 auto\" loading=\"lazy\"><figcaption style=\"font-size:0.85em;color:#888;margin-top:6px;font-style:italic\">\n                    Cortinas de aire para locales comerciales<br \/>\n                <\/figcaption><\/figure>\n<h2>\u00bfQu\u00e9 es y para qu\u00e9 sirve?<\/h2>\n<p>Las cortinas de aire son dispositivos que se instalan en las entradas de los locales comerciales con el objetivo de crear una barrera de aire. Este flujo de aire se genera mediante un ventilador que expulsa aire a alta velocidad, evitando que el aire exterior ingrese al interior del local. Su principal funci\u00f3n es mantener la temperatura interna, ya sea c\u00e1lida o fr\u00eda, lo que contribuye a la comodidad de los clientes y empleados. Adem\u00e1s, ayudan a reducir la entrada de polvo, insectos y otros contaminantes, mejorando la calidad del aire interior. As\u00ed, las cortinas de aire son una inversi\u00f3n inteligente para cualquier negocio que desee optimizar su ambiente y reducir costos energ\u00e9ticos.<\/p>\n<h2>Tipos y variantes disponibles<\/h2>\n<ul>\n<li><strong>Cortinas de aire el\u00e9ctricas:<\/strong> Funcionan con energ\u00eda el\u00e9ctrica y son ideales para entradas de tama\u00f1o est\u00e1ndar.<\/li>\n<li><strong>Cortinas de aire de agua:<\/strong> Utilizan agua caliente o fr\u00eda para generar el flujo de aire, siendo m\u00e1s eficientes energ\u00e9ticamente.<\/li>\n<li><strong>Cortinas de aire de aire caliente:<\/strong> Dise\u00f1adas para funcionar en invierno, calientan el aire que expulsan, manteniendo el calor en el interior.<\/li>\n<li><strong>Cortinas de aire de aire fr\u00edo:<\/strong> Ideales para climas c\u00e1lidos, enfr\u00edan el aire que sale, proporcionando frescura al interior del local.<\/li>\n<\/ul>\n<h2>&#8216;Cortinas de aire para locales comerciales&#8217; \u2014 C\u00f3mo elegir el correcto<\/h2>\n<table>\n<thead>\n<tr>\n<th>Criterio<\/th>\n<th>Descripci\u00f3n<\/th>\n<th>Importancia<\/th>\n<\/tr>\n<\/thead>\n<tbody>\n<tr>\n<td>Dimensiones<\/td>\n<td>Seleccionar un modelo que se ajuste al tama\u00f1o de la entrada del local.<\/td>\n<td>Crucial para un funcionamiento efectivo.<\/td>\n<\/tr>\n<tr>\n<td>Tipo de ventilador<\/td>\n<td>Elegir entre ventiladores centr\u00edfugos o axiales seg\u00fan el uso.<\/td>\n<td>Afecta el rendimiento y el ruido del dispositivo.<\/td>\n<\/tr>\n<tr>\n<td>Potencia<\/td>\n<td>Considerar la potencia necesaria seg\u00fan el flujo de personas y el clima.<\/td>\n<td>Impacta en la eficiencia energ\u00e9tica.<\/td>\n<\/tr>\n<tr>\n<td>Funci\u00f3n de calefacci\u00f3n\/refrigeraci\u00f3n<\/td>\n<td>Decidir si se necesita calefacci\u00f3n, refrigeraci\u00f3n o ambas.<\/td>\n<td>Define el uso estacional y la comodidad.<\/td>\n<\/tr>\n<\/tbody>\n<\/table>\n<h2>Gu\u00eda paso a paso<\/h2>\n<ol>\n<li><strong>Evaluar el espacio:<\/strong> Antes de instalar, mide el tama\u00f1o de la entrada donde se colocar\u00e1 la cortina de aire. Aseg\u00farate de considerar la altura y el ancho.<\/li>\n<li><strong>Definir el tipo de cortina:<\/strong> Decide si necesitas una cortina de aire caliente, fr\u00eda o que cumpla ambas funciones. Esto depender\u00e1 del clima de la regi\u00f3n y de la naturaleza de tu negocio.<\/li>\n<li><strong>Considerar el flujo de tr\u00e1fico:<\/strong> Analiza cu\u00e1ntas personas ingresan y salen del local a diario. Esto influir\u00e1 en la potencia y el tama\u00f1o de la cortina que elijas.<\/li>\n<li><strong>Seleccionar el modelo adecuado:<\/strong> Investiga y compara diferentes modelos en el mercado. Considera las caracter\u00edsticas que se alineen con tus necesidades.<\/li>\n<li><strong>Instalaci\u00f3n profesional:<\/strong> Es recomendable que un t\u00e9cnico especializado realice la instalaci\u00f3n. Esto asegura que el dispositivo funcione correctamente y cumpla con su funci\u00f3n.<\/li>\n<li><strong>Mantenimiento regular:<\/strong> Una vez instalada, aseg\u00farate de realizar un mantenimiento peri\u00f3dico. Esto incluye limpiar los filtros y revisar el funcionamiento del motor.<\/li>\n<\/ol>\n<h2>Errores comunes y c\u00f3mo evitarlos<\/h2>\n<p>Uno de los errores m\u00e1s comunes es no calcular adecuadamente el tama\u00f1o de la cortina de aire. Si es demasiado peque\u00f1a, no ser\u00e1 efectiva; si es muy grande, puede ser un gasto innecesario. Otro error frecuente es no considerar el tipo de ambiente: en locales con alta afluencia de personas, es vital elegir un modelo potente. Adem\u00e1s, muchos propietarios olvidan el mantenimiento regular, lo que puede llevar a un mal funcionamiento del dispositivo. Por \u00faltimo, no evaluar correctamente el flujo de aire puede resultar en una instalaci\u00f3n ineficaz, donde la cortina no cumple su funci\u00f3n de barrera.<\/p>\n<figure style=\"margin:24px auto;text-align:center;max-width:600px\">\n                <img decoding=\"async\" src=\"https:\/\/images.pexels.com\/photos\/19199263\/pexels-photo-19199263.jpeg?auto=compress&#038;cs=tinysrgb&#038;dpr=2&#038;h=650&#038;w=940\" alt=\"Herramientas de ferreter\u00eda \u2014 uso profesional\" style=\"width:100%;max-width:600px;height:220px;object-fit:cover;border-radius:6px;margin:0 auto\" loading=\"lazy\"><figcaption style=\"font-size:0.85em;color:#888;margin-top:6px;font-style:italic\">\n                    Uso profesional en terreno<br \/>\n                <\/figcaption><\/figure>\n<h2>Consejos de experto<\/h2>\n<ul>\n<li>Realiza un an\u00e1lisis del tr\u00e1fico peatonal en tu local para elegir la cortina adecuada.<\/li>\n<li>Considera la posibilidad de instalar cortinas con sensores que se activen al abrir la puerta.<\/li>\n<li>Invierte en modelos con bajo consumo energ\u00e9tico para reducir costos a largo plazo.<\/li>\n<li>Consulta con profesionales para la instalaci\u00f3n y el mantenimiento de la cortina de aire.<\/li>\n<li>Inf\u00f3rmate sobre los beneficios adicionales que ofrecen algunos modelos, como la filtraci\u00f3n de aire.<\/li>\n<\/ul>\n<h2>Preguntas frecuentes<\/h2>\n<h3>\u00bfQu\u00e9 beneficios ofrecen las cortinas de aire?<\/h3>\n<p>Las cortinas de aire ofrecen m\u00faltiples beneficios, como mantener la temperatura interior, reducir el ingreso de polvo e insectos y disminuir los costos de calefacci\u00f3n y refrigeraci\u00f3n. Su uso se traduce en un ambiente m\u00e1s c\u00f3modo tanto para clientes como para empleados.<\/p>\n<h3>\u00bfSon eficientes energ\u00e9ticamente?<\/h3>\n<p>S\u00ed, las cortinas de aire pueden ser muy eficientes energ\u00e9ticamente, especialmente los modelos dise\u00f1ados para funcionar en conjunto con sistemas de calefacci\u00f3n o refrigeraci\u00f3n. Ayudan a conservar el aire tratado dentro del local, reduciendo la necesidad de energ\u00eda adicional.<\/p>\n<h3>\u00bfSe pueden instalar en cualquier tipo de entrada?<\/h3>\n<p>Generalmente, las cortinas de aire se pueden instalar en la mayor\u00eda de las entradas, sin embargo, es importante considerar las dimensiones y el tipo de negocio. Algunas entradas grandes o con mucho tr\u00e1fico requieren modelos m\u00e1s potentes.<\/p>\n<h3>\u00bfQu\u00e9 mantenimiento requieren?<\/h3>\n<p>El mantenimiento de las cortinas de aire es esencial para su buen funcionamiento. Esto incluye la limpieza de los filtros y la revisi\u00f3n peri\u00f3dica del motor y los componentes el\u00e9ctricos. Un mantenimiento adecuado prolonga la vida \u00fatil del dispositivo.<\/p>\n<h3>\u00bfPueden afectar la calidad del aire interior?<\/h3>\n<p>Las cortinas de aire en s\u00ed no afectan negativamente la calidad del aire interior, pero es importante elegir modelos que cuenten con sistemas de filtraci\u00f3n. Esto ayudar\u00e1 a asegurar que el aire que circula en el local est\u00e9 limpio y libre de contaminantes.<\/p>\n<h2>CONCLUSI\u00d3N<\/h2>\n<p>Las cortinas de aire para locales comerciales son una herramienta valiosa para mantener la comodidad y eficiencia energ\u00e9tica en los negocios. Al considerar su instalaci\u00f3n, es crucial evaluar el espacio, seleccionar el tipo adecuado y realizar un mantenimiento regular. Con la informaci\u00f3n adecuada, los propietarios pueden tomar decisiones informadas que beneficiar\u00e1n tanto a sus clientes como a sus operaciones.<\/p>\n<div style=\"margin:32px 0;padding:16px 20px;background:#f0f4ff;border-left:4px solid #0057e7;border-radius:0 6px 6px 0\">\n<p style=\"margin:0;font-size:14px;color:#333\">\n                    <strong>Tambi\u00e9n te puede interesar:<\/strong><br \/>\n                    <a href=\"https:\/\/www.ferreteriaukra.cl\/blog\/como-instalar-extractor-de-aserrin-en-sierra-circular\/\" style=\"color:#0057e7;text-decoration:none\"><br \/>\n                        C\u00f3mo instalar extractor de aserr\u00edn en sierra circular<br \/>\n                    <\/a>\n                <\/p>\n<\/p><\/div>\n<div style=\"margin:40px 0 0;padding-top:24px;border-top:2px solid #e0e0e0;text-align:center\">\n<p style=\"font-size:12px;color:#999;margin:0 0 16px;letter-spacing:0.05em;text-transform:uppercase\">Productos relacionados<\/p>\n<\/p><\/div>\n","protected":false},"excerpt":{"rendered":"<p>Descubre c\u00f3mo las cortinas de aire pueden mejorar tus locales comerciales y ahorrar energ\u00eda.<\/p>\n","protected":false},"author":1,"featured_media":0,"comment_status":"open","ping_status":"open","sticky":false,"template":"","format":"standard","meta":{"footnotes":""},"categories":[2],"tags":[13,224,225,222,7,223],"class_list":["post-336","post","type-post","status-publish","format-standard","hentry","category-blog","tag-ahorro-energetico","tag-climatizacion","tag-confort","tag-cortinas-de-aire","tag-ferreteria","tag-locales-comerciales"],"yoast_head":"<!-- This site is optimized with the Yoast SEO plugin v27.5 - https:\/\/yoast.com\/product\/yoast-seo-wordpress\/ -->\n<title>Cortinas de aire para locales comerciales | FERRETER\u00cdAUKRA<\/title>\n<meta name=\"description\" content=\"Descubre c\u00f3mo las cortinas de aire pueden mejorar tus locales comerciales y ahorrar energ\u00eda.\" \/>\n<meta name=\"robots\" content=\"index, follow, max-snippet:-1, max-image-preview:large, max-video-preview:-1\" \/>\n<link rel=\"canonical\" href=\"https:\/\/www.ferreteriaukra.cl\/blog\/cortinas-de-aire-la-solucion-perfecta-para-locales-comerciales\/\" \/>\n<meta property=\"og:locale\" content=\"es_ES\" \/>\n<meta property=\"og:type\" content=\"article\" \/>\n<meta property=\"og:title\" content=\"Cortinas de aire para locales comerciales | FERRETER\u00cdAUKRA\" \/>\n<meta property=\"og:description\" content=\"Descubre c\u00f3mo las cortinas de aire pueden mejorar tus locales comerciales y ahorrar energ\u00eda.\" \/>\n<meta property=\"og:url\" content=\"https:\/\/www.ferreteriaukra.cl\/blog\/cortinas-de-aire-la-solucion-perfecta-para-locales-comerciales\/\" \/>\n<meta property=\"og:site_name\" content=\"El Experto en Herramientas\" \/>\n<meta property=\"article:published_time\" content=\"2026-04-27T01:48:42+00:00\" \/>\n<meta property=\"article:modified_time\" content=\"2026-04-29T13:23:13+00:00\" \/>\n<meta property=\"og:image\" content=\"https:\/\/images.pexels.com\/photos\/5505098\/pexels-photo-5505098.jpeg?auto=compress&#038;cs=tinysrgb&#038;dpr=2&#038;h=650&#038;w=940\" \/>\n<meta name=\"author\" content=\"toti\" \/>\n<meta name=\"twitter:card\" content=\"summary_large_image\" \/>\n<meta name=\"twitter:label1\" content=\"Escrito por\" \/>\n\t<meta name=\"twitter:data1\" content=\"toti\" \/>\n\t<meta name=\"twitter:label2\" content=\"Tiempo estimado de lectura\" \/>\n\t<meta name=\"twitter:data2\" content=\"6 minutos\" \/>\n<script type=\"application\/ld+json\" class=\"yoast-schema-graph\">{\"@context\":\"https:\\\/\\\/schema.org\",\"@graph\":[{\"@type\":\"Article\",\"@id\":\"https:\\\/\\\/www.ferreteriaukra.cl\\\/blog\\\/cortinas-de-aire-la-solucion-perfecta-para-locales-comerciales\\\/#article\",\"isPartOf\":{\"@id\":\"https:\\\/\\\/www.ferreteriaukra.cl\\\/blog\\\/cortinas-de-aire-la-solucion-perfecta-para-locales-comerciales\\\/\"},\"author\":{\"name\":\"toti\",\"@id\":\"https:\\\/\\\/www.ferreteriaukra.cl\\\/blog\\\/#\\\/schema\\\/person\\\/09ecbc611e05689dbcabe81c4881061e\"},\"headline\":\"Cortinas de aire: la soluci\u00f3n perfecta para locales comerciales\",\"datePublished\":\"2026-04-27T01:48:42+00:00\",\"dateModified\":\"2026-04-29T13:23:13+00:00\",\"mainEntityOfPage\":{\"@id\":\"https:\\\/\\\/www.ferreteriaukra.cl\\\/blog\\\/cortinas-de-aire-la-solucion-perfecta-para-locales-comerciales\\\/\"},\"wordCount\":1162,\"commentCount\":0,\"image\":{\"@id\":\"https:\\\/\\\/www.ferreteriaukra.cl\\\/blog\\\/cortinas-de-aire-la-solucion-perfecta-para-locales-comerciales\\\/#primaryimage\"},\"thumbnailUrl\":\"https:\\\/\\\/images.pexels.com\\\/photos\\\/5505098\\\/pexels-photo-5505098.jpeg?auto=compress&#038;cs=tinysrgb&#038;dpr=2&#038;h=650&#038;w=940\",\"keywords\":[\"ahorro energ\u00e9tico\",\"climatizaci\u00f3n\",\"confort\",\"cortinas de aire\",\"ferreter\u00eda\",\"locales comerciales\"],\"articleSection\":[\"Blog\"],\"inLanguage\":\"es-CL\",\"potentialAction\":[{\"@type\":\"CommentAction\",\"name\":\"Comment\",\"target\":[\"https:\\\/\\\/www.ferreteriaukra.cl\\\/blog\\\/cortinas-de-aire-la-solucion-perfecta-para-locales-comerciales\\\/#respond\"]}]},{\"@type\":\"WebPage\",\"@id\":\"https:\\\/\\\/www.ferreteriaukra.cl\\\/blog\\\/cortinas-de-aire-la-solucion-perfecta-para-locales-comerciales\\\/\",\"url\":\"https:\\\/\\\/www.ferreteriaukra.cl\\\/blog\\\/cortinas-de-aire-la-solucion-perfecta-para-locales-comerciales\\\/\",\"name\":\"Cortinas de aire para locales comerciales | FERRETER\u00cdAUKRA\",\"isPartOf\":{\"@id\":\"https:\\\/\\\/www.ferreteriaukra.cl\\\/blog\\\/#website\"},\"primaryImageOfPage\":{\"@id\":\"https:\\\/\\\/www.ferreteriaukra.cl\\\/blog\\\/cortinas-de-aire-la-solucion-perfecta-para-locales-comerciales\\\/#primaryimage\"},\"image\":{\"@id\":\"https:\\\/\\\/www.ferreteriaukra.cl\\\/blog\\\/cortinas-de-aire-la-solucion-perfecta-para-locales-comerciales\\\/#primaryimage\"},\"thumbnailUrl\":\"https:\\\/\\\/images.pexels.com\\\/photos\\\/5505098\\\/pexels-photo-5505098.jpeg?auto=compress&#038;cs=tinysrgb&#038;dpr=2&#038;h=650&#038;w=940\",\"datePublished\":\"2026-04-27T01:48:42+00:00\",\"dateModified\":\"2026-04-29T13:23:13+00:00\",\"author\":{\"@id\":\"https:\\\/\\\/www.ferreteriaukra.cl\\\/blog\\\/#\\\/schema\\\/person\\\/09ecbc611e05689dbcabe81c4881061e\"},\"description\":\"Descubre c\u00f3mo las cortinas de aire pueden mejorar tus locales comerciales y ahorrar energ\u00eda.\",\"breadcrumb\":{\"@id\":\"https:\\\/\\\/www.ferreteriaukra.cl\\\/blog\\\/cortinas-de-aire-la-solucion-perfecta-para-locales-comerciales\\\/#breadcrumb\"},\"inLanguage\":\"es-CL\",\"potentialAction\":[{\"@type\":\"ReadAction\",\"target\":[\"https:\\\/\\\/www.ferreteriaukra.cl\\\/blog\\\/cortinas-de-aire-la-solucion-perfecta-para-locales-comerciales\\\/\"]}]},{\"@type\":\"ImageObject\",\"inLanguage\":\"es-CL\",\"@id\":\"https:\\\/\\\/www.ferreteriaukra.cl\\\/blog\\\/cortinas-de-aire-la-solucion-perfecta-para-locales-comerciales\\\/#primaryimage\",\"url\":\"https:\\\/\\\/images.pexels.com\\\/photos\\\/5505098\\\/pexels-photo-5505098.jpeg?auto=compress&#038;cs=tinysrgb&#038;dpr=2&#038;h=650&#038;w=940\",\"contentUrl\":\"https:\\\/\\\/images.pexels.com\\\/photos\\\/5505098\\\/pexels-photo-5505098.jpeg?auto=compress&#038;cs=tinysrgb&#038;dpr=2&#038;h=650&#038;w=940\"},{\"@type\":\"BreadcrumbList\",\"@id\":\"https:\\\/\\\/www.ferreteriaukra.cl\\\/blog\\\/cortinas-de-aire-la-solucion-perfecta-para-locales-comerciales\\\/#breadcrumb\",\"itemListElement\":[{\"@type\":\"ListItem\",\"position\":1,\"name\":\"Portada\",\"item\":\"https:\\\/\\\/www.ferreteriaukra.cl\\\/blog\\\/\"},{\"@type\":\"ListItem\",\"position\":2,\"name\":\"Cortinas de aire: la soluci\u00f3n perfecta para locales comerciales\"}]},{\"@type\":\"WebSite\",\"@id\":\"https:\\\/\\\/www.ferreteriaukra.cl\\\/blog\\\/#website\",\"url\":\"https:\\\/\\\/www.ferreteriaukra.cl\\\/blog\\\/\",\"name\":\"El Experto en Herramientas\",\"description\":\"\",\"potentialAction\":[{\"@type\":\"SearchAction\",\"target\":{\"@type\":\"EntryPoint\",\"urlTemplate\":\"https:\\\/\\\/www.ferreteriaukra.cl\\\/blog\\\/?s={search_term_string}\"},\"query-input\":{\"@type\":\"PropertyValueSpecification\",\"valueRequired\":true,\"valueName\":\"search_term_string\"}}],\"inLanguage\":\"es-CL\"},{\"@type\":\"Person\",\"@id\":\"https:\\\/\\\/www.ferreteriaukra.cl\\\/blog\\\/#\\\/schema\\\/person\\\/09ecbc611e05689dbcabe81c4881061e\",\"name\":\"toti\",\"image\":{\"@type\":\"ImageObject\",\"inLanguage\":\"es-CL\",\"@id\":\"https:\\\/\\\/secure.gravatar.com\\\/avatar\\\/db80c4e922a02a921cfbd9dfe3b8de20fc0edb3ba84799833e52e2e60fca6702?s=96&d=mm&r=g\",\"url\":\"https:\\\/\\\/secure.gravatar.com\\\/avatar\\\/db80c4e922a02a921cfbd9dfe3b8de20fc0edb3ba84799833e52e2e60fca6702?s=96&d=mm&r=g\",\"contentUrl\":\"https:\\\/\\\/secure.gravatar.com\\\/avatar\\\/db80c4e922a02a921cfbd9dfe3b8de20fc0edb3ba84799833e52e2e60fca6702?s=96&d=mm&r=g\",\"caption\":\"toti\"},\"sameAs\":[\"https:\\\/\\\/www.ferreteriaukra.cl\\\/blog\"],\"url\":\"https:\\\/\\\/www.ferreteriaukra.cl\\\/blog\\\/author\\\/toti\\\/\"}]}<\/script>\n<!-- \/ Yoast SEO plugin. -->","yoast_head_json":{"title":"Cortinas de aire para locales comerciales | FERRETER\u00cdAUKRA","description":"Descubre c\u00f3mo las cortinas de aire pueden mejorar tus locales comerciales y ahorrar energ\u00eda.","robots":{"index":"index","follow":"follow","max-snippet":"max-snippet:-1","max-image-preview":"max-image-preview:large","max-video-preview":"max-video-preview:-1"},"canonical":"https:\/\/www.ferreteriaukra.cl\/blog\/cortinas-de-aire-la-solucion-perfecta-para-locales-comerciales\/","og_locale":"es_ES","og_type":"article","og_title":"Cortinas de aire para locales comerciales | FERRETER\u00cdAUKRA","og_description":"Descubre c\u00f3mo las cortinas de aire pueden mejorar tus locales comerciales y ahorrar energ\u00eda.","og_url":"https:\/\/www.ferreteriaukra.cl\/blog\/cortinas-de-aire-la-solucion-perfecta-para-locales-comerciales\/","og_site_name":"El Experto en Herramientas","article_published_time":"2026-04-27T01:48:42+00:00","article_modified_time":"2026-04-29T13:23:13+00:00","og_image":[{"url":"https:\/\/images.pexels.com\/photos\/5505098\/pexels-photo-5505098.jpeg?auto=compress&#038;cs=tinysrgb&#038;dpr=2&#038;h=650&#038;w=940","type":"","width":"","height":""}],"author":"toti","twitter_card":"summary_large_image","twitter_misc":{"Escrito por":"toti","Tiempo estimado de lectura":"6 minutos"},"schema":{"@context":"https:\/\/schema.org","@graph":[{"@type":"Article","@id":"https:\/\/www.ferreteriaukra.cl\/blog\/cortinas-de-aire-la-solucion-perfecta-para-locales-comerciales\/#article","isPartOf":{"@id":"https:\/\/www.ferreteriaukra.cl\/blog\/cortinas-de-aire-la-solucion-perfecta-para-locales-comerciales\/"},"author":{"name":"toti","@id":"https:\/\/www.ferreteriaukra.cl\/blog\/#\/schema\/person\/09ecbc611e05689dbcabe81c4881061e"},"headline":"Cortinas de aire: la soluci\u00f3n perfecta para locales comerciales","datePublished":"2026-04-27T01:48:42+00:00","dateModified":"2026-04-29T13:23:13+00:00","mainEntityOfPage":{"@id":"https:\/\/www.ferreteriaukra.cl\/blog\/cortinas-de-aire-la-solucion-perfecta-para-locales-comerciales\/"},"wordCount":1162,"commentCount":0,"image":{"@id":"https:\/\/www.ferreteriaukra.cl\/blog\/cortinas-de-aire-la-solucion-perfecta-para-locales-comerciales\/#primaryimage"},"thumbnailUrl":"https:\/\/images.pexels.com\/photos\/5505098\/pexels-photo-5505098.jpeg?auto=compress&#038;cs=tinysrgb&#038;dpr=2&#038;h=650&#038;w=940","keywords":["ahorro energ\u00e9tico","climatizaci\u00f3n","confort","cortinas de aire","ferreter\u00eda","locales comerciales"],"articleSection":["Blog"],"inLanguage":"es-CL","potentialAction":[{"@type":"CommentAction","name":"Comment","target":["https:\/\/www.ferreteriaukra.cl\/blog\/cortinas-de-aire-la-solucion-perfecta-para-locales-comerciales\/#respond"]}]},{"@type":"WebPage","@id":"https:\/\/www.ferreteriaukra.cl\/blog\/cortinas-de-aire-la-solucion-perfecta-para-locales-comerciales\/","url":"https:\/\/www.ferreteriaukra.cl\/blog\/cortinas-de-aire-la-solucion-perfecta-para-locales-comerciales\/","name":"Cortinas de aire para locales comerciales | FERRETER\u00cdAUKRA","isPartOf":{"@id":"https:\/\/www.ferreteriaukra.cl\/blog\/#website"},"primaryImageOfPage":{"@id":"https:\/\/www.ferreteriaukra.cl\/blog\/cortinas-de-aire-la-solucion-perfecta-para-locales-comerciales\/#primaryimage"},"image":{"@id":"https:\/\/www.ferreteriaukra.cl\/blog\/cortinas-de-aire-la-solucion-perfecta-para-locales-comerciales\/#primaryimage"},"thumbnailUrl":"https:\/\/images.pexels.com\/photos\/5505098\/pexels-photo-5505098.jpeg?auto=compress&#038;cs=tinysrgb&#038;dpr=2&#038;h=650&#038;w=940","datePublished":"2026-04-27T01:48:42+00:00","dateModified":"2026-04-29T13:23:13+00:00","author":{"@id":"https:\/\/www.ferreteriaukra.cl\/blog\/#\/schema\/person\/09ecbc611e05689dbcabe81c4881061e"},"description":"Descubre c\u00f3mo las cortinas de aire pueden mejorar tus locales comerciales y ahorrar energ\u00eda.","breadcrumb":{"@id":"https:\/\/www.ferreteriaukra.cl\/blog\/cortinas-de-aire-la-solucion-perfecta-para-locales-comerciales\/#breadcrumb"},"inLanguage":"es-CL","potentialAction":[{"@type":"ReadAction","target":["https:\/\/www.ferreteriaukra.cl\/blog\/cortinas-de-aire-la-solucion-perfecta-para-locales-comerciales\/"]}]},{"@type":"ImageObject","inLanguage":"es-CL","@id":"https:\/\/www.ferreteriaukra.cl\/blog\/cortinas-de-aire-la-solucion-perfecta-para-locales-comerciales\/#primaryimage","url":"https:\/\/images.pexels.com\/photos\/5505098\/pexels-photo-5505098.jpeg?auto=compress&#038;cs=tinysrgb&#038;dpr=2&#038;h=650&#038;w=940","contentUrl":"https:\/\/images.pexels.com\/photos\/5505098\/pexels-photo-5505098.jpeg?auto=compress&#038;cs=tinysrgb&#038;dpr=2&#038;h=650&#038;w=940"},{"@type":"BreadcrumbList","@id":"https:\/\/www.ferreteriaukra.cl\/blog\/cortinas-de-aire-la-solucion-perfecta-para-locales-comerciales\/#breadcrumb","itemListElement":[{"@type":"ListItem","position":1,"name":"Portada","item":"https:\/\/www.ferreteriaukra.cl\/blog\/"},{"@type":"ListItem","position":2,"name":"Cortinas de aire: la soluci\u00f3n perfecta para locales comerciales"}]},{"@type":"WebSite","@id":"https:\/\/www.ferreteriaukra.cl\/blog\/#website","url":"https:\/\/www.ferreteriaukra.cl\/blog\/","name":"El Experto en Herramientas","description":"","potentialAction":[{"@type":"SearchAction","target":{"@type":"EntryPoint","urlTemplate":"https:\/\/www.ferreteriaukra.cl\/blog\/?s={search_term_string}"},"query-input":{"@type":"PropertyValueSpecification","valueRequired":true,"valueName":"search_term_string"}}],"inLanguage":"es-CL"},{"@type":"Person","@id":"https:\/\/www.ferreteriaukra.cl\/blog\/#\/schema\/person\/09ecbc611e05689dbcabe81c4881061e","name":"toti","image":{"@type":"ImageObject","inLanguage":"es-CL","@id":"https:\/\/secure.gravatar.com\/avatar\/db80c4e922a02a921cfbd9dfe3b8de20fc0edb3ba84799833e52e2e60fca6702?s=96&d=mm&r=g","url":"https:\/\/secure.gravatar.com\/avatar\/db80c4e922a02a921cfbd9dfe3b8de20fc0edb3ba84799833e52e2e60fca6702?s=96&d=mm&r=g","contentUrl":"https:\/\/secure.gravatar.com\/avatar\/db80c4e922a02a921cfbd9dfe3b8de20fc0edb3ba84799833e52e2e60fca6702?s=96&d=mm&r=g","caption":"toti"},"sameAs":["https:\/\/www.ferreteriaukra.cl\/blog"],"url":"https:\/\/www.ferreteriaukra.cl\/blog\/author\/toti\/"}]}},"_links":{"self":[{"href":"https:\/\/www.ferreteriaukra.cl\/blog\/wp-json\/wp\/v2\/posts\/336","targetHints":{"allow":["GET"]}}],"collection":[{"href":"https:\/\/www.ferreteriaukra.cl\/blog\/wp-json\/wp\/v2\/posts"}],"about":[{"href":"https:\/\/www.ferreteriaukra.cl\/blog\/wp-json\/wp\/v2\/types\/post"}],"author":[{"embeddable":true,"href":"https:\/\/www.ferreteriaukra.cl\/blog\/wp-json\/wp\/v2\/users\/1"}],"replies":[{"embeddable":true,"href":"https:\/\/www.ferreteriaukra.cl\/blog\/wp-json\/wp\/v2\/comments?post=336"}],"version-history":[{"count":1,"href":"https:\/\/www.ferreteriaukra.cl\/blog\/wp-json\/wp\/v2\/posts\/336\/revisions"}],"predecessor-version":[{"id":356,"href":"https:\/\/www.ferreteriaukra.cl\/blog\/wp-json\/wp\/v2\/posts\/336\/revisions\/356"}],"wp:attachment":[{"href":"https:\/\/www.ferreteriaukra.cl\/blog\/wp-json\/wp\/v2\/media?parent=336"}],"wp:term":[{"taxonomy":"category","embeddable":true,"href":"https:\/\/www.ferreteriaukra.cl\/blog\/wp-json\/wp\/v2\/categories?post=336"},{"taxonomy":"post_tag","embeddable":true,"href":"https:\/\/www.ferreteriaukra.cl\/blog\/wp-json\/wp\/v2\/tags?post=336"}],"curies":[{"name":"wp","href":"https:\/\/api.w.org\/{rel}","templated":true}]}}